{"id":4424,"date":"2025-04-07T15:48:29","date_gmt":"2025-04-07T13:48:29","guid":{"rendered":"https:\/\/www.jugendfeuerwehr-eddelak-st-michaelisdonn.de\/wcms\/?p=4424"},"modified":"2025-09-09T08:36:30","modified_gmt":"2025-09-09T06:36:30","slug":"feuerwehrdienstvorschrift-3","status":"publish","type":"post","link":"https:\/\/www.jugendfeuerwehr-eddelak-st-michaelisdonn.de\/wcms\/2025\/feuerwehrdienstvorschrift-3\/","title":{"rendered":"Feuerwehrdienstvorschrift 3"},"content":{"rendered":"<p class=\"\" data-start=\"81\" data-end=\"335\">Am Freitag, bei herrlichem Wetter, war es wieder so weit: Der n\u00e4chste Jugendfeuerwehrdienst stand an! Was gibt es Sch\u00f6neres, als sich mit dem Thema <strong data-start=\"229\" data-end=\"260\">Feuerwehrdienstvorschrift 3<\/strong> zu besch\u00e4ftigen und die verschiedenen Aspekte der Feuerwehrarbeit zu \u00fcben?<\/p>\n<p class=\"\" data-start=\"337\" data-end=\"604\">Wir trafen uns p\u00fcnktlich um 16:15 Uhr an den Ger\u00e4teh\u00e4usern und machten uns gemeinsam auf den Weg nach St. Michaelisdonn. Dort hatten wir die Gelegenheit, in drei praxisnahen Stationen die Feuerwehrdienstvorschrift 3 n\u00e4her kennenzulernen und unser Wissen zu vertiefen.<\/p>\n<p class=\"\" data-start=\"606\" data-end=\"889\"><strong data-start=\"606\" data-end=\"620\">Station 1:<\/strong> <em data-start=\"621\" data-end=\"648\">Aufbau von L\u00f6schangriffen<\/em><br data-start=\"648\" data-end=\"651\">Zu Beginn stand der richtige Aufbau von L\u00f6schangriffen auf dem Programm. Doch bevor es losging, musste jeder Teilnehmer wissen, welche Funktion an welchem Sitzplatz im Fahrzeug zugeordnet ist. Nur so kann der Einsatz reibungslos ablaufen.<\/p>\n<p class=\"\" data-start=\"891\" data-end=\"1137\"><strong data-start=\"891\" data-end=\"905\">Station 2:<\/strong> <em data-start=\"906\" data-end=\"930\">Kuppeln von Saugl\u00e4ngen<\/em><br data-start=\"930\" data-end=\"933\">In der zweiten Station ging es um das Kuppeln von Saugl\u00e4ngen. Hier wurde nicht nur die Technik ge\u00fcbt, sondern auch das korrekte Anwenden der verschiedenen Knoten, die f\u00fcr den Feuerwehrdienst wichtig sind.<\/p>\n<p class=\"\" data-start=\"1139\" data-end=\"1418\"><strong data-start=\"1139\" data-end=\"1153\">Station 3:<\/strong> <em data-start=\"1154\" data-end=\"1183\">Unterflurhydrant an der FTZ<\/em><br data-start=\"1183\" data-end=\"1186\">Die dritte Station f\u00fchrte uns zur Feuerwehrtechnischen Zentrale (FTZ), wo wir mit einem Unterflurhydranten arbeiteten. Dabei kamen das Standrohr mit Systemtrenner zum Einsatz, und wir f\u00fchrten eine wichtige Sp\u00fclung des Systems durch.<\/p>\n<p class=\"\" data-start=\"1420\" data-end=\"1628\">W\u00e4hrend die Stationen liefen, nutzten die Jugendwarte die Zeit, um die letzten Vorbereitungen f\u00fcr das anstehende Sammeln im April zu treffen. So war der Nachmittag nicht nur lehrreich, sondern auch produktiv.<\/p>\n<p>&nbsp;<\/p>\n\n\t\t<style type=\"text\/css\">\n\t\t\t#gallery-1 {\n\t\t\t\tmargin: auto;\n\t\t\t}\n\t\t\t#gallery-1 .gallery-item {\n\t\t\t\tfloat: left;\n\t\t\t\tmargin-top: 10px;\n\t\t\t\ttext-align: center;\n\t\t\t\twidth: 33%;\n\t\t\t}\n\t\t\t#gallery-1 img {\n\t\t\t\tborder: 2px solid #cfcfcf;\n\t\t\t}\n\t\t\t#gallery-1 .gallery-caption {\n\t\t\t\tmargin-left: 0;\n\t\t\t}\n\t\t\t\/* see gallery_shortcode() in wp-includes\/media.php *\/\n\t\t<\/style>\n\t\t<div id='gallery-1' class='gallery galleryid-4424 gallery-columns-3 gallery-size-thumbnail'><dl class='gallery-item'>\n\t\t\t<dt class='gallery-icon landscape'>\n\t\t\t\t<a href='https:\/\/www.jugendfeuerwehr-eddelak-st-michaelisdonn.de\/wcms\/wp-content\/uploads\/2025\/04\/IMG-20250329-WA0028.jpg' title=\"\" data-rl_title=\"\" class=\"rl-gallery-link\" data-rl_caption=\"\" data-rel=\"lightbox-gallery-1\"><img loading=\"lazy\" decoding=\"async\" width=\"150\" height=\"150\" src=\"https:\/\/www.jugendfeuerwehr-eddelak-st-michaelisdonn.de\/wcms\/wp-content\/uploads\/2025\/04\/IMG-20250329-WA0028-150x150.jpg\" class=\"attachment-thumbnail size-thumbnail\" alt=\"\" \/><\/a>\n\t\t\t<\/dt><\/dl><dl class='gallery-item'>\n\t\t\t<dt class='gallery-icon landscape'>\n\t\t\t\t<a href='https:\/\/www.jugendfeuerwehr-eddelak-st-michaelisdonn.de\/wcms\/wp-content\/uploads\/2025\/04\/IMG-20250329-WA0030.jpg' title=\"\" data-rl_title=\"\" class=\"rl-gallery-link\" data-rl_caption=\"\" data-rel=\"lightbox-gallery-1\"><img loading=\"lazy\" decoding=\"async\" width=\"150\" height=\"150\" src=\"https:\/\/www.jugendfeuerwehr-eddelak-st-michaelisdonn.de\/wcms\/wp-content\/uploads\/2025\/04\/IMG-20250329-WA0030-150x150.jpg\" class=\"attachment-thumbnail size-thumbnail\" alt=\"\" \/><\/a>\n\t\t\t<\/dt><\/dl><dl class='gallery-item'>\n\t\t\t<dt class='gallery-icon portrait'>\n\t\t\t\t<a href='https:\/\/www.jugendfeuerwehr-eddelak-st-michaelisdonn.de\/wcms\/wp-content\/uploads\/2025\/04\/IMG-20250329-WA0025.jpg' title=\"\" data-rl_title=\"\" class=\"rl-gallery-link\" data-rl_caption=\"\" data-rel=\"lightbox-gallery-1\"><img loading=\"lazy\" decoding=\"async\" width=\"150\" height=\"150\" src=\"https:\/\/www.jugendfeuerwehr-eddelak-st-michaelisdonn.de\/wcms\/wp-content\/uploads\/2025\/04\/IMG-20250329-WA0025-150x150.jpg\" class=\"attachment-thumbnail size-thumbnail\" alt=\"\" \/><\/a>\n\t\t\t<\/dt><\/dl><br style=\"clear: both\" \/><dl class='gallery-item'>\n\t\t\t<dt class='gallery-icon landscape'>\n\t\t\t\t<a href='https:\/\/www.jugendfeuerwehr-eddelak-st-michaelisdonn.de\/wcms\/wp-content\/uploads\/2025\/04\/IMG-20250329-WA0023.jpg' title=\"\" data-rl_title=\"\" class=\"rl-gallery-link\" data-rl_caption=\"\" data-rel=\"lightbox-gallery-1\"><img loading=\"lazy\" decoding=\"async\" width=\"150\" height=\"150\" src=\"https:\/\/www.jugendfeuerwehr-eddelak-st-michaelisdonn.de\/wcms\/wp-content\/uploads\/2025\/04\/IMG-20250329-WA0023-150x150.jpg\" class=\"attachment-thumbnail size-thumbnail\" alt=\"\" \/><\/a>\n\t\t\t<\/dt><\/dl><dl class='gallery-item'>\n\t\t\t<dt class='gallery-icon landscape'>\n\t\t\t\t<a href='https:\/\/www.jugendfeuerwehr-eddelak-st-michaelisdonn.de\/wcms\/wp-content\/uploads\/2025\/04\/IMG-20250329-WA0020.jpg' title=\"\" data-rl_title=\"\" class=\"rl-gallery-link\" data-rl_caption=\"\" data-rel=\"lightbox-gallery-1\"><img loading=\"lazy\" decoding=\"async\" width=\"150\" height=\"150\" src=\"https:\/\/www.jugendfeuerwehr-eddelak-st-michaelisdonn.de\/wcms\/wp-content\/uploads\/2025\/04\/IMG-20250329-WA0020-150x150.jpg\" class=\"attachment-thumbnail size-thumbnail\" alt=\"\" \/><\/a>\n\t\t\t<\/dt><\/dl><dl class='gallery-item'>\n\t\t\t<dt class='gallery-icon portrait'>\n\t\t\t\t<a href='https:\/\/www.jugendfeuerwehr-eddelak-st-michaelisdonn.de\/wcms\/wp-content\/uploads\/2025\/04\/IMG-20250329-WA0017.jpg' title=\"\" data-rl_title=\"\" class=\"rl-gallery-link\" data-rl_caption=\"\" data-rel=\"lightbox-gallery-1\"><img loading=\"lazy\" decoding=\"async\" width=\"150\" height=\"150\" src=\"https:\/\/www.jugendfeuerwehr-eddelak-st-michaelisdonn.de\/wcms\/wp-content\/uploads\/2025\/04\/IMG-20250329-WA0017-150x150.jpg\" class=\"attachment-thumbnail size-thumbnail\" alt=\"\" \/><\/a>\n\t\t\t<\/dt><\/dl><br style=\"clear: both\" \/>\n\t\t<\/div>\n\n","protected":false},"excerpt":{"rendered":"Am Freitag, bei herrlichem Wetter, war es wieder so weit: Der n\u00e4chste Jugendfeuerwehrdienst stand an! Was gibt es Sch\u00f6neres, als sich mit dem Thema Feuerwehrdienstvorschrift &hellip;","protected":false},"author":16,"featured_media":4425,"comment_status":"open","ping_status":"open","sticky":false,"template":"","format":"standard","meta":{"ngg_post_thumbnail":0,"footnotes":""},"categories":[1],"tags":[],"class_list":["post-4424","post","type-post","status-publish","format-standard","has-post-thumbnail","hentry","category-berichte"],"_links":{"self":[{"href":"https:\/\/www.jugendfeuerwehr-eddelak-st-michaelisdonn.de\/wcms\/wp-json\/wp\/v2\/posts\/4424","targetHints":{"allow":["GET"]}}],"collection":[{"href":"https:\/\/www.jugendfeuerwehr-eddelak-st-michaelisdonn.de\/wcms\/wp-json\/wp\/v2\/posts"}],"about":[{"href":"https:\/\/www.jugendfeuerwehr-eddelak-st-michaelisdonn.de\/wcms\/wp-json\/wp\/v2\/types\/post"}],"author":[{"embeddable":true,"href":"https:\/\/www.jugendfeuerwehr-eddelak-st-michaelisdonn.de\/wcms\/wp-json\/wp\/v2\/users\/16"}],"replies":[{"embeddable":true,"href":"https:\/\/www.jugendfeuerwehr-eddelak-st-michaelisdonn.de\/wcms\/wp-json\/wp\/v2\/comments?post=4424"}],"version-history":[{"count":2,"href":"https:\/\/www.jugendfeuerwehr-eddelak-st-michaelisdonn.de\/wcms\/wp-json\/wp\/v2\/posts\/4424\/revisions"}],"predecessor-version":[{"id":4432,"href":"https:\/\/www.jugendfeuerwehr-eddelak-st-michaelisdonn.de\/wcms\/wp-json\/wp\/v2\/posts\/4424\/revisions\/4432"}],"wp:featuredmedia":[{"embeddable":true,"href":"https:\/\/www.jugendfeuerwehr-eddelak-st-michaelisdonn.de\/wcms\/wp-json\/wp\/v2\/media\/4425"}],"wp:attachment":[{"href":"https:\/\/www.jugendfeuerwehr-eddelak-st-michaelisdonn.de\/wcms\/wp-json\/wp\/v2\/media?parent=4424"}],"wp:term":[{"taxonomy":"category","embeddable":true,"href":"https:\/\/www.jugendfeuerwehr-eddelak-st-michaelisdonn.de\/wcms\/wp-json\/wp\/v2\/categories?post=4424"},{"taxonomy":"post_tag","embeddable":true,"href":"https:\/\/www.jugendfeuerwehr-eddelak-st-michaelisdonn.de\/wcms\/wp-json\/wp\/v2\/tags?post=4424"}],"curies":[{"name":"wp","href":"https:\/\/api.w.org\/{rel}","templated":true}]}}