{"id":4416,"date":"2025-03-16T15:37:15","date_gmt":"2025-03-16T14:37:15","guid":{"rendered":"https:\/\/www.jugendfeuerwehr-eddelak-st-michaelisdonn.de\/wcms\/?p=4416"},"modified":"2025-07-16T12:06:51","modified_gmt":"2025-07-16T10:06:51","slug":"jahreshauptversammlung-2025","status":"publish","type":"post","link":"https:\/\/www.jugendfeuerwehr-eddelak-st-michaelisdonn.de\/wcms\/2025\/jahreshauptversammlung-2025\/","title":{"rendered":"Jahreshauptversammlung 2025"},"content":{"rendered":"<p data-start=\"0\" data-end=\"411\">Am 28. Februar 2025 fand unsere Jahreshauptversammlung im Feuerwehrger\u00e4tehaus Eddelak statt. P\u00fcnktlich um 17 Uhr begr\u00fc\u00dften wir unsere G\u00e4ste, darunter die vier B\u00fcrgermeister der Gemeinden, die drei Wehrf\u00fchrer der Feuerwehren, der Amtswehrf\u00fchrer sowie der Kreisjugendfeuerwehrwart. Besonders erfreulich war, dass 24 Jugendfeuerwehrmitglieder der Einladung gefolgt waren, sodass die Versammlung beschlussf\u00e4hig war.<\/p>\n<p data-start=\"413\" data-end=\"783\">Der Jahresbericht 2024 wurde von Jugendgruppenleiter Lennart Jebens und seiner stellvertretenden Jugendgruppenleiterin Martje Stollberg verlesen. Im Anschluss erfolgte der feierliche \u00dcbertritt von Peeke Mohr (Eddelak) und Jana Karsunke (Sankt Michaelisdonn) in die aktive Wehr. Beide erhielten als Geschenk ein verziertes Glas mit dem \u00dcbertrittsdatum sowie eine Urkunde.<\/p>\n<p data-start=\"785\" data-end=\"1145\">Ein weiterer H\u00f6hepunkt war die Verabschiedung des alten Vorstands, der eine Urkunde und ein kleines Andenken in Form eines Schl\u00fcsselanh\u00e4ngers erhielt. F\u00fcr die Wahlen des neuen Vorstands bildeten Wehrf\u00fchrer Peter Ha\u00df (Eddelak), Lars Hennings (Sankt Michaelisdonn) und Mike Wulff (Averlak) den Wahlvorstand. Der neue Vorstand setzt sich wie folgt zusammen:<\/p>\n<ul data-start=\"1147\" data-end=\"1471\">\n<li data-start=\"1147\" data-end=\"1184\">Jugendgruppenleiter: Lennart Jebens<\/li>\n<li data-start=\"1185\" data-end=\"1243\">Stellvertretende Jugendgruppenleiterin: Martje Stollberg<\/li>\n<li data-start=\"1244\" data-end=\"1276\">Schriftf\u00fchrerin: Lina Claussen<\/li>\n<li data-start=\"1277\" data-end=\"1318\">Jugendgruppenf\u00fchrung 1: Joris Schneider<\/li>\n<li data-start=\"1319\" data-end=\"1356\">Jugendgruppenf\u00fchrung 2: Mathis Mohr<\/li>\n<li data-start=\"1357\" data-end=\"1396\">Jugendgruppenf\u00fchrung 3: Emily Hargens<\/li>\n<li data-start=\"1397\" data-end=\"1429\">Ger\u00e4tewartung: Tjark Schmielau<\/li>\n<li data-start=\"1430\" data-end=\"1471\">Sicherheitsbeauftragter: Felix Claussen<\/li>\n<\/ul>\n<p data-start=\"1473\" data-end=\"1623\">Nach den Wahlen \u00fcbermittelten die G\u00e4ste ihre Gru\u00dfworte und w\u00fcnschten den Neugew\u00e4hlten viel Erfolg bei den bevorstehenden Aufgaben und Entscheidungen.<\/p>\n<p data-start=\"1625\" data-end=\"1846\">Abschlie\u00dfend gaben wir einen Ausblick auf das Jahr 2025, in dem wir viele spannende Aktivit\u00e4ten planen. Das gr\u00f6\u00dfte Event wird unser 30-j\u00e4hriges Jubil\u00e4um sein, zu dem wir noch gesonderte Informationen bekannt geben werden.<\/p>\n<p data-start=\"1848\" data-end=\"1930\" data-is-last-node=\"\" data-is-only-node=\"\">Das Schlusswort hielt die stellvertretende Jugendgruppenleiterin Martje Stollberg.<\/p>\n\n\t\t<style type=\"text\/css\">\n\t\t\t#gallery-1 {\n\t\t\t\tmargin: auto;\n\t\t\t}\n\t\t\t#gallery-1 .gallery-item {\n\t\t\t\tfloat: left;\n\t\t\t\tmargin-top: 10px;\n\t\t\t\ttext-align: center;\n\t\t\t\twidth: 33%;\n\t\t\t}\n\t\t\t#gallery-1 img {\n\t\t\t\tborder: 2px solid #cfcfcf;\n\t\t\t}\n\t\t\t#gallery-1 .gallery-caption {\n\t\t\t\tmargin-left: 0;\n\t\t\t}\n\t\t\t\/* see gallery_shortcode() in wp-includes\/media.php *\/\n\t\t<\/style>\n\t\t<div id='gallery-1' class='gallery galleryid-4416 gallery-columns-3 gallery-size-thumbnail'><dl class='gallery-item'>\n\t\t\t<dt class='gallery-icon landscape'>\n\t\t\t\t<a href='https:\/\/www.jugendfeuerwehr-eddelak-st-michaelisdonn.de\/wcms\/wp-content\/uploads\/2025\/03\/25-03-01-10-12-30-bb75.jpg' title=\"\" data-rl_title=\"\" class=\"rl-gallery-link\" data-rl_caption=\"\" data-rel=\"lightbox-gallery-1\"><img loading=\"lazy\" decoding=\"async\" width=\"150\" height=\"150\" src=\"https:\/\/www.jugendfeuerwehr-eddelak-st-michaelisdonn.de\/wcms\/wp-content\/uploads\/2025\/03\/25-03-01-10-12-30-bb75-150x150.jpg\" class=\"attachment-thumbnail size-thumbnail\" alt=\"\" \/><\/a>\n\t\t\t<\/dt><\/dl><dl class='gallery-item'>\n\t\t\t<dt class='gallery-icon portrait'>\n\t\t\t\t<a href='https:\/\/www.jugendfeuerwehr-eddelak-st-michaelisdonn.de\/wcms\/wp-content\/uploads\/2025\/03\/25-03-01-10-12-34-4c6b.jpg' title=\"\" data-rl_title=\"\" class=\"rl-gallery-link\" data-rl_caption=\"\" data-rel=\"lightbox-gallery-1\"><img loading=\"lazy\" decoding=\"async\" width=\"150\" height=\"150\" src=\"https:\/\/www.jugendfeuerwehr-eddelak-st-michaelisdonn.de\/wcms\/wp-content\/uploads\/2025\/03\/25-03-01-10-12-34-4c6b-150x150.jpg\" class=\"attachment-thumbnail size-thumbnail\" alt=\"\" \/><\/a>\n\t\t\t<\/dt><\/dl><dl class='gallery-item'>\n\t\t\t<dt class='gallery-icon landscape'>\n\t\t\t\t<a href='https:\/\/www.jugendfeuerwehr-eddelak-st-michaelisdonn.de\/wcms\/wp-content\/uploads\/2025\/03\/25-03-01-10-12-36-44ed.jpg' title=\"\" data-rl_title=\"\" class=\"rl-gallery-link\" data-rl_caption=\"\" data-rel=\"lightbox-gallery-1\"><img loading=\"lazy\" decoding=\"async\" width=\"150\" height=\"150\" src=\"https:\/\/www.jugendfeuerwehr-eddelak-st-michaelisdonn.de\/wcms\/wp-content\/uploads\/2025\/03\/25-03-01-10-12-36-44ed-150x150.jpg\" class=\"attachment-thumbnail size-thumbnail\" alt=\"\" \/><\/a>\n\t\t\t<\/dt><\/dl><br style=\"clear: both\" \/><dl class='gallery-item'>\n\t\t\t<dt class='gallery-icon landscape'>\n\t\t\t\t<a href='https:\/\/www.jugendfeuerwehr-eddelak-st-michaelisdonn.de\/wcms\/wp-content\/uploads\/2025\/03\/25-03-01-10-12-38-d5da.jpg' title=\"\" data-rl_title=\"\" class=\"rl-gallery-link\" data-rl_caption=\"\" data-rel=\"lightbox-gallery-1\"><img loading=\"lazy\" decoding=\"async\" width=\"150\" height=\"150\" src=\"https:\/\/www.jugendfeuerwehr-eddelak-st-michaelisdonn.de\/wcms\/wp-content\/uploads\/2025\/03\/25-03-01-10-12-38-d5da-150x150.jpg\" class=\"attachment-thumbnail size-thumbnail\" alt=\"\" \/><\/a>\n\t\t\t<\/dt><\/dl><dl class='gallery-item'>\n\t\t\t<dt class='gallery-icon landscape'>\n\t\t\t\t<a href='https:\/\/www.jugendfeuerwehr-eddelak-st-michaelisdonn.de\/wcms\/wp-content\/uploads\/2025\/03\/WhatsApp-Bild-2025-03-16-um-15.36.08_d15dd247-scaled.jpg' title=\"\" data-rl_title=\"\" class=\"rl-gallery-link\" data-rl_caption=\"\" data-rel=\"lightbox-gallery-1\"><img loading=\"lazy\" decoding=\"async\" width=\"150\" height=\"150\" src=\"https:\/\/www.jugendfeuerwehr-eddelak-st-michaelisdonn.de\/wcms\/wp-content\/uploads\/2025\/03\/WhatsApp-Bild-2025-03-16-um-15.36.08_d15dd247-150x150.jpg\" class=\"attachment-thumbnail size-thumbnail\" alt=\"\" \/><\/a>\n\t\t\t<\/dt><\/dl>\n\t\t\t<br style='clear: both' \/>\n\t\t<\/div>\n\n\n\n<p><\/p>\n","protected":false},"excerpt":{"rendered":"Am 28. Februar 2025 fand unsere Jahreshauptversammlung im Feuerwehrger\u00e4tehaus Eddelak statt. P\u00fcnktlich um 17 Uhr begr\u00fc\u00dften wir unsere G\u00e4ste, darunter die vier B\u00fcrgermeister der Gemeinden, &hellip;","protected":false},"author":1,"featured_media":4421,"comment_status":"open","ping_status":"open","sticky":false,"template":"","format":"standard","meta":{"ngg_post_thumbnail":0,"footnotes":""},"categories":[1],"tags":[],"class_list":["post-4416","post","type-post","status-publish","format-standard","has-post-thumbnail","hentry","category-berichte"],"_links":{"self":[{"href":"https:\/\/www.jugendfeuerwehr-eddelak-st-michaelisdonn.de\/wcms\/wp-json\/wp\/v2\/posts\/4416","targetHints":{"allow":["GET"]}}],"collection":[{"href":"https:\/\/www.jugendfeuerwehr-eddelak-st-michaelisdonn.de\/wcms\/wp-json\/wp\/v2\/posts"}],"about":[{"href":"https:\/\/www.jugendfeuerwehr-eddelak-st-michaelisdonn.de\/wcms\/wp-json\/wp\/v2\/types\/post"}],"author":[{"embeddable":true,"href":"https:\/\/www.jugendfeuerwehr-eddelak-st-michaelisdonn.de\/wcms\/wp-json\/wp\/v2\/users\/1"}],"replies":[{"embeddable":true,"href":"https:\/\/www.jugendfeuerwehr-eddelak-st-michaelisdonn.de\/wcms\/wp-json\/wp\/v2\/comments?post=4416"}],"version-history":[{"count":1,"href":"https:\/\/www.jugendfeuerwehr-eddelak-st-michaelisdonn.de\/wcms\/wp-json\/wp\/v2\/posts\/4416\/revisions"}],"predecessor-version":[{"id":4422,"href":"https:\/\/www.jugendfeuerwehr-eddelak-st-michaelisdonn.de\/wcms\/wp-json\/wp\/v2\/posts\/4416\/revisions\/4422"}],"wp:featuredmedia":[{"embeddable":true,"href":"https:\/\/www.jugendfeuerwehr-eddelak-st-michaelisdonn.de\/wcms\/wp-json\/wp\/v2\/media\/4421"}],"wp:attachment":[{"href":"https:\/\/www.jugendfeuerwehr-eddelak-st-michaelisdonn.de\/wcms\/wp-json\/wp\/v2\/media?parent=4416"}],"wp:term":[{"taxonomy":"category","embeddable":true,"href":"https:\/\/www.jugendfeuerwehr-eddelak-st-michaelisdonn.de\/wcms\/wp-json\/wp\/v2\/categories?post=4416"},{"taxonomy":"post_tag","embeddable":true,"href":"https:\/\/www.jugendfeuerwehr-eddelak-st-michaelisdonn.de\/wcms\/wp-json\/wp\/v2\/tags?post=4416"}],"curies":[{"name":"wp","href":"https:\/\/api.w.org\/{rel}","templated":true}]}}