{"id":4347,"date":"2024-09-29T19:32:22","date_gmt":"2024-09-29T17:32:22","guid":{"rendered":"http:\/\/www.jugendfeuerwehr-eddelak-st-michaelisdonn.de\/wcms\/?p=4347"},"modified":"2025-01-16T22:45:30","modified_gmt":"2025-01-16T21:45:30","slug":"dienste-nach-den-ferien","status":"publish","type":"post","link":"https:\/\/www.jugendfeuerwehr-eddelak-st-michaelisdonn.de\/wcms\/2024\/dienste-nach-den-ferien\/","title":{"rendered":"Dienste nach den Ferien"},"content":{"rendered":"<p>Die Sommerferien sind endlich vorbei und es geht wieder mit der Jugendfeuerwehr los!<\/p>\n<p>So sind seit den Ferien bereits zwei Dienste gewesen, wo wieder viel Feuerwehrdienstvorschrift 3 ge\u00fcbt wurde.<\/p>\n<p>Der erste Dienst fand am 06.09.2024 in Eddelak statt. Nach dem Antreten wurden zwei Gruppen gebildet und eine ausf\u00fchrliche Fahrzeugkunde durchgef\u00fchrt. Unter vielen interessierten neuen Jugendlichen, die sich die Jugendfeuerwehr gerne einmal anschauen wollten, wurden dann noch L\u00f6schangriffe aufgebaut. Das Wetter lie\u00df an diesem Tage jeden ordentlich schwitzen, sodass es nach dem R\u00fcckbau der L\u00f6schangriffe noch eine kleine Abk\u00fchlung in Form einer Schaumparty gab.<\/p>\n<p>&nbsp;<\/p>\n<p>Der zweite Dienst fand am 20.09.2024 in Averlak statt. Hier wurde am Nord-Ostsee Kanal eine Offene Wasserentnahmestelle vorgenommen und aufgebaut. Dazu wurde noch eine Personensuche im Wald durchgef\u00fchrt. Auch hier waren wieder interessierte Jugendliche dabei, die gerne einmal reinschnuppern wollten.&nbsp;<\/p>\n<p>&nbsp;<\/p>\n<p>Der n\u00e4chste Dienst ist nun wieder am 04.10.2024 in St. Michaelisdonn!<\/p>\n\n\t\t<style type=\"text\/css\">\n\t\t\t#gallery-1 {\n\t\t\t\tmargin: auto;\n\t\t\t}\n\t\t\t#gallery-1 .gallery-item {\n\t\t\t\tfloat: left;\n\t\t\t\tmargin-top: 10px;\n\t\t\t\ttext-align: center;\n\t\t\t\twidth: 33%;\n\t\t\t}\n\t\t\t#gallery-1 img {\n\t\t\t\tborder: 2px solid #cfcfcf;\n\t\t\t}\n\t\t\t#gallery-1 .gallery-caption {\n\t\t\t\tmargin-left: 0;\n\t\t\t}\n\t\t\t\/* see gallery_shortcode() in wp-includes\/media.php *\/\n\t\t<\/style>\n\t\t<div id='gallery-1' class='gallery galleryid-4347 gallery-columns-3 gallery-size-thumbnail'><dl class='gallery-item'>\n\t\t\t<dt class='gallery-icon portrait'>\n\t\t\t\t<a href='https:\/\/www.jugendfeuerwehr-eddelak-st-michaelisdonn.de\/wcms\/wp-content\/uploads\/2024\/09\/24-09-06-19-46-22-b7ef.jpg' title=\"\" data-rl_title=\"\" class=\"rl-gallery-link\" data-rl_caption=\"\" data-rel=\"lightbox-gallery-1\"><img loading=\"lazy\" decoding=\"async\" width=\"150\" height=\"150\" src=\"https:\/\/www.jugendfeuerwehr-eddelak-st-michaelisdonn.de\/wcms\/wp-content\/uploads\/2024\/09\/24-09-06-19-46-22-b7ef-150x150.jpg\" class=\"attachment-thumbnail size-thumbnail\" alt=\"\" \/><\/a>\n\t\t\t<\/dt><\/dl><dl class='gallery-item'>\n\t\t\t<dt class='gallery-icon portrait'>\n\t\t\t\t<a href='https:\/\/www.jugendfeuerwehr-eddelak-st-michaelisdonn.de\/wcms\/wp-content\/uploads\/2024\/09\/24-09-20-20-17-10-2d6b.jpg' title=\"\" data-rl_title=\"\" class=\"rl-gallery-link\" data-rl_caption=\"\" data-rel=\"lightbox-gallery-1\"><img loading=\"lazy\" decoding=\"async\" width=\"150\" height=\"150\" src=\"https:\/\/www.jugendfeuerwehr-eddelak-st-michaelisdonn.de\/wcms\/wp-content\/uploads\/2024\/09\/24-09-20-20-17-10-2d6b-150x150.jpg\" class=\"attachment-thumbnail size-thumbnail\" alt=\"\" \/><\/a>\n\t\t\t<\/dt><\/dl><dl class='gallery-item'>\n\t\t\t<dt class='gallery-icon portrait'>\n\t\t\t\t<a href='https:\/\/www.jugendfeuerwehr-eddelak-st-michaelisdonn.de\/wcms\/wp-content\/uploads\/2024\/09\/24-09-21-14-37-11-f434.jpg' title=\"\" data-rl_title=\"\" class=\"rl-gallery-link\" data-rl_caption=\"\" data-rel=\"lightbox-gallery-1\"><img loading=\"lazy\" decoding=\"async\" width=\"150\" height=\"150\" src=\"https:\/\/www.jugendfeuerwehr-eddelak-st-michaelisdonn.de\/wcms\/wp-content\/uploads\/2024\/09\/24-09-21-14-37-11-f434-150x150.jpg\" class=\"attachment-thumbnail size-thumbnail\" alt=\"\" \/><\/a>\n\t\t\t<\/dt><\/dl><br style=\"clear: both\" \/><dl class='gallery-item'>\n\t\t\t<dt class='gallery-icon portrait'>\n\t\t\t\t<a href='https:\/\/www.jugendfeuerwehr-eddelak-st-michaelisdonn.de\/wcms\/wp-content\/uploads\/2024\/09\/24-09-25-20-39-50-6e98.jpg' title=\"\" data-rl_title=\"\" class=\"rl-gallery-link\" data-rl_caption=\"\" data-rel=\"lightbox-gallery-1\"><img loading=\"lazy\" decoding=\"async\" width=\"150\" height=\"150\" src=\"https:\/\/www.jugendfeuerwehr-eddelak-st-michaelisdonn.de\/wcms\/wp-content\/uploads\/2024\/09\/24-09-25-20-39-50-6e98-150x150.jpg\" class=\"attachment-thumbnail size-thumbnail\" alt=\"\" \/><\/a>\n\t\t\t<\/dt><\/dl><dl class='gallery-item'>\n\t\t\t<dt class='gallery-icon portrait'>\n\t\t\t\t<a href='https:\/\/www.jugendfeuerwehr-eddelak-st-michaelisdonn.de\/wcms\/wp-content\/uploads\/2024\/09\/24-09-25-20-39-50-901a.jpg' title=\"\" data-rl_title=\"\" class=\"rl-gallery-link\" data-rl_caption=\"\" data-rel=\"lightbox-gallery-1\"><img loading=\"lazy\" decoding=\"async\" width=\"150\" height=\"150\" src=\"https:\/\/www.jugendfeuerwehr-eddelak-st-michaelisdonn.de\/wcms\/wp-content\/uploads\/2024\/09\/24-09-25-20-39-50-901a-150x150.jpg\" class=\"attachment-thumbnail size-thumbnail\" alt=\"\" \/><\/a>\n\t\t\t<\/dt><\/dl><dl class='gallery-item'>\n\t\t\t<dt class='gallery-icon portrait'>\n\t\t\t\t<a href='https:\/\/www.jugendfeuerwehr-eddelak-st-michaelisdonn.de\/wcms\/wp-content\/uploads\/2024\/09\/24-09-25-20-39-50-a5b9.jpg' title=\"\" data-rl_title=\"\" class=\"rl-gallery-link\" data-rl_caption=\"\" data-rel=\"lightbox-gallery-1\"><img loading=\"lazy\" decoding=\"async\" width=\"150\" height=\"150\" src=\"https:\/\/www.jugendfeuerwehr-eddelak-st-michaelisdonn.de\/wcms\/wp-content\/uploads\/2024\/09\/24-09-25-20-39-50-a5b9-150x150.jpg\" class=\"attachment-thumbnail size-thumbnail\" alt=\"\" \/><\/a>\n\t\t\t<\/dt><\/dl><br style=\"clear: both\" \/>\n\t\t<\/div>\n\n\n\n<p><\/p>\n","protected":false},"excerpt":{"rendered":"Die Sommerferien sind endlich vorbei und es geht wieder mit der Jugendfeuerwehr los!\nSo sind seit den Ferien bereits zwei Dienste gewesen, wo wieder viel Feuerwehrdienstvorschrift &hellip;","protected":false},"author":1,"featured_media":4352,"comment_status":"open","ping_status":"open","sticky":false,"template":"","format":"standard","meta":{"ngg_post_thumbnail":0,"footnotes":""},"categories":[1],"tags":[],"class_list":["post-4347","post","type-post","status-publish","format-standard","has-post-thumbnail","hentry","category-berichte"],"_links":{"self":[{"href":"https:\/\/www.jugendfeuerwehr-eddelak-st-michaelisdonn.de\/wcms\/wp-json\/wp\/v2\/posts\/4347","targetHints":{"allow":["GET"]}}],"collection":[{"href":"https:\/\/www.jugendfeuerwehr-eddelak-st-michaelisdonn.de\/wcms\/wp-json\/wp\/v2\/posts"}],"about":[{"href":"https:\/\/www.jugendfeuerwehr-eddelak-st-michaelisdonn.de\/wcms\/wp-json\/wp\/v2\/types\/post"}],"author":[{"embeddable":true,"href":"https:\/\/www.jugendfeuerwehr-eddelak-st-michaelisdonn.de\/wcms\/wp-json\/wp\/v2\/users\/1"}],"replies":[{"embeddable":true,"href":"https:\/\/www.jugendfeuerwehr-eddelak-st-michaelisdonn.de\/wcms\/wp-json\/wp\/v2\/comments?post=4347"}],"version-history":[{"count":2,"href":"https:\/\/www.jugendfeuerwehr-eddelak-st-michaelisdonn.de\/wcms\/wp-json\/wp\/v2\/posts\/4347\/revisions"}],"predecessor-version":[{"id":4356,"href":"https:\/\/www.jugendfeuerwehr-eddelak-st-michaelisdonn.de\/wcms\/wp-json\/wp\/v2\/posts\/4347\/revisions\/4356"}],"wp:featuredmedia":[{"embeddable":true,"href":"https:\/\/www.jugendfeuerwehr-eddelak-st-michaelisdonn.de\/wcms\/wp-json\/wp\/v2\/media\/4352"}],"wp:attachment":[{"href":"https:\/\/www.jugendfeuerwehr-eddelak-st-michaelisdonn.de\/wcms\/wp-json\/wp\/v2\/media?parent=4347"}],"wp:term":[{"taxonomy":"category","embeddable":true,"href":"https:\/\/www.jugendfeuerwehr-eddelak-st-michaelisdonn.de\/wcms\/wp-json\/wp\/v2\/categories?post=4347"},{"taxonomy":"post_tag","embeddable":true,"href":"https:\/\/www.jugendfeuerwehr-eddelak-st-michaelisdonn.de\/wcms\/wp-json\/wp\/v2\/tags?post=4347"}],"curies":[{"name":"wp","href":"https:\/\/api.w.org\/{rel}","templated":true}]}}