{"id":4306,"date":"2024-06-06T23:51:54","date_gmt":"2024-06-06T21:51:54","guid":{"rendered":"http:\/\/www.jugendfeuerwehr-eddelak-st-michaelisdonn.de\/wcms\/?p=4306"},"modified":"2025-01-16T22:45:30","modified_gmt":"2025-01-16T21:45:30","slug":"24-stunden-dienst","status":"publish","type":"post","link":"https:\/\/www.jugendfeuerwehr-eddelak-st-michaelisdonn.de\/wcms\/2024\/24-stunden-dienst\/","title":{"rendered":"24-Stunden Dienst"},"content":{"rendered":"<p>Die Vorfreude stand jeden ins Gesicht geschrieben. Alle haben sich auf diesen Freitag gefreut, denn der diesj\u00e4hrige 24-Stunden Dienst stand an.<\/p>\n<p>Nachdem Jugendgruppenleiter Lennart Jebens die 22 Jugendlichen antreten lie\u00df, ging alles ganz schnell. Nach der Einteilung der Fahrzeuge klingelte schon das erste Mal die Alarmierung und es ging los. Feuer &#8211; Gro\u00df mit Menschenleben in Gefahr war das Stichwort! Die L\u00f6schfahrzeuge zusammen mit den Einsatzleitwagen und Mehrzweckfahrzeug setzen sich in Bewegung in Richtung St. Michaelisdonn zu der Firma Vemo. Schnell konnte die Gefahr gebannt und die Person gerettet werden. Und das unter den Augen des Amtswehrf\u00fchrers Hauke Pusch und Kreispressesprechers Ole Kr\u00f6ger, die wir im Anschluss begr\u00fc\u00dften. Nach den lobenden Worten von Hauke Pusch und Ole Kr\u00f6ger ging es wieder zur\u00fcck zum Feuerwehrger\u00e4tehaus, wo erst einmal der Schlafplatz hergerichtet wurde.<\/p>\n<p>Kurze Zeit sp\u00e4ter ging erneut der Alarm. Diesmal nur ein L\u00f6schfahrzeug, welches sich auf den Weg nach Averlak zum Kanal machte. Dort war eine Person von einem Rad gest\u00fcrzt. Nach einer Hilfestellung der Gruppe konnte die Person versorgt werden.<\/p>\n<p>Kurz vor 19 Uhr wurde es dann wieder sehr aufregend. Auf dem Alarm stand wieder Feuer &#8211; Gro\u00df mit Menschenleben in Gefahr. Bei dem Betrieb von Jochen Mohr in der Landscheide Eddelak stellte sich die Lage nach kurzer Erkundung wie folgt da: Ein Beh\u00e4lter hat Feuer gefangen und eine Person ist unter einer Kippvorrichtung eines Fahrzeuges eingeklemmt worden. Schnell wurde das Feuer abgel\u00f6scht und die Person aus der Lage befreit. Der gelungene Einsatz wurde von Jochen Mohr und seiner Familie mit eine Grillwurst im Br\u00f6tchen und Getr\u00e4nken belohnt. Hier m\u00f6chten wir uns noch einmal f\u00fcr alles Bedanken!<\/p>\n<p>In der Wache angekommen, stellten sich langsam alle auf die bevorstehende Nachtruhe ein. Doch diese&nbsp; musste erst einmal noch warten.<\/p>\n<p>Gegen 21 Uhr wurde eine Gruppe zu einer Notlage nach Averlak gerufen. Dort soll sich eine hilflose Person hinter einer verschlossenen T\u00fcr befinden. Die Gruppe \u00f6ffnete die T\u00fcr und versorgte die Person. Danach ging es zur\u00fcck zum Ger\u00e4tehaus und in die verdiente Nachtruhe.<\/p>\n<p>Die Nachtruhe wurde gl\u00fccklicherweise durch keine Eins\u00e4tze gest\u00f6rt, sodass die ersten gegen halb sieben aus den Schlafraum traten.<\/p>\n<p>Nach einer kurzen St\u00e4rkung am Fr\u00fchst\u00fccksbuffet ging es direkt weiter. Diesmal musste sich eine Gruppe nach St. Michaelisdonn begeben, wo eine Brandmeldeanlage Alarm geschlagen hatte. Doch vor Ort konnte keine Auff\u00e4lligkeit festgestellt werden.<\/p>\n<p>Auf der R\u00fcckfahrt wurde die Gruppe von der zweiten Gruppe nachalarmiert. W\u00e4hrend die Brandmeldeanlage \u00fcberpr\u00fcft wurde, kam ein Paralleleinsatz in Averlak dazu. Hier hatte sich ein Feuer ausgebreitet und eine Person wurde vermisst. Gemeinsam konnten die Gruppen das Feuer l\u00f6schen und die Person aus dem vernebelten Raum retten.<\/p>\n<p>Gegen 10 Uhr wurde es dann tierisch. Die B\u00fcrgermeisterin aus Dingen meldete der Leitstelle, dass ihre Schlangen mit einem Krokodil zusammen aus dem Au\u00dfenterrarium entfliehen konnten. Schnell machten sich beide Gruppen auf den Weg nach Dingen, um die Tiere einzufangen.<\/p>\n<p>Nach dem R\u00fcckbau und dem Abr\u00fccken kam die B\u00fcrgermeisterin ein weiteres Mal auf uns zur\u00fcck. Noch bevor wir losfahren konnten, ist es in der DRK-Begegnungsst\u00e4tte zu einem Feuer gekommen. Direkt wurde das Objekt angefahren und die Lage festgestellt. Beim durchsuchen des Hauses konnte der Angriffstrupp eine Person feststellen und aus dem Geb\u00e4ude retten. Die Unfallursache wurde auch schnell gefunden. Essen auf Herd!<\/p>\n<p>Im Ger\u00e4tehaus angekommen, gab es zur St\u00e4rkung einen Imbiss von Thorsten Schaar mit seinem Wagen. Die vielseitig Auswahl kam sehr gut an und jeder wurde satt.<\/p>\n<p>Es dauerte nach dem Mittag nicht lange und schon ging wieder der Alarm. In St. Michaelisdonn war es im Bereich einer Halle zu einem Unfall gekommen. Eine Person ist unter einem Fahrzeug eingeklemmt worden. Dazu wurden weitere Personen vermisst und eine \u00d6lspur lag aus. Die eingeklemmte Person konnte aus der misslichen Lage befreit und versorgt werden. Die vermissten Personen wurden nach kurzer Zeit aufgefunden. Die \u00d6lspur wurde zum Schluss mit Bindemittel abgestreut.<\/p>\n<p>Die letzte Einsatzstelle hatte es noch einmal in sich. Gegen 14:30 Uhr wurden beide Gruppen zu einem Feuer an die M\u00fchle in Eddelak alarmiert. Aufgeschreckte Personen sind fluchtartig in die M\u00fchle gelaufen und werden vermisst. Eine Gruppe baute die Wasserversorgung auf, w\u00e4hrend die andere Gruppe nach den Personen in der M\u00fchle suchte. Hier konnten zwei Personen gefunden und aus der M\u00fchle gebracht werden. Das Feuer wurde w\u00e4hrenddessen abgel\u00f6scht.<\/p>\n<p>Zum Abschluss des 24-Stunden Dienstes gab uns die Familie Jebens noch eine k\u00fchle Erfrischung aus. Wir m\u00f6chten uns auch hier daf\u00fcr bedanken!<\/p>\n\n\t\t<style type=\"text\/css\">\n\t\t\t#gallery-1 {\n\t\t\t\tmargin: auto;\n\t\t\t}\n\t\t\t#gallery-1 .gallery-item {\n\t\t\t\tfloat: left;\n\t\t\t\tmargin-top: 10px;\n\t\t\t\ttext-align: center;\n\t\t\t\twidth: 33%;\n\t\t\t}\n\t\t\t#gallery-1 img {\n\t\t\t\tborder: 2px solid #cfcfcf;\n\t\t\t}\n\t\t\t#gallery-1 .gallery-caption {\n\t\t\t\tmargin-left: 0;\n\t\t\t}\n\t\t\t\/* see gallery_shortcode() in wp-includes\/media.php *\/\n\t\t<\/style>\n\t\t<div id='gallery-1' class='gallery galleryid-4306 gallery-columns-3 gallery-size-thumbnail'><dl class='gallery-item'>\n\t\t\t<dt class='gallery-icon landscape'>\n\t\t\t\t<a href='https:\/\/www.jugendfeuerwehr-eddelak-st-michaelisdonn.de\/wcms\/wp-content\/uploads\/2024\/06\/20240531_162851-scaled.jpg' title=\"\" data-rl_title=\"\" class=\"rl-gallery-link\" data-rl_caption=\"\" data-rel=\"lightbox-gallery-1\"><img loading=\"lazy\" decoding=\"async\" width=\"150\" height=\"150\" src=\"https:\/\/www.jugendfeuerwehr-eddelak-st-michaelisdonn.de\/wcms\/wp-content\/uploads\/2024\/06\/20240531_162851-150x150.jpg\" class=\"attachment-thumbnail size-thumbnail\" alt=\"\" \/><\/a>\n\t\t\t<\/dt><\/dl><dl class='gallery-item'>\n\t\t\t<dt class='gallery-icon landscape'>\n\t\t\t\t<a href='https:\/\/www.jugendfeuerwehr-eddelak-st-michaelisdonn.de\/wcms\/wp-content\/uploads\/2024\/06\/IMG_6094-scaled.jpg' title=\"\" data-rl_title=\"\" class=\"rl-gallery-link\" data-rl_caption=\"\" data-rel=\"lightbox-gallery-1\"><img loading=\"lazy\" decoding=\"async\" width=\"150\" height=\"150\" src=\"https:\/\/www.jugendfeuerwehr-eddelak-st-michaelisdonn.de\/wcms\/wp-content\/uploads\/2024\/06\/IMG_6094-150x150.jpg\" class=\"attachment-thumbnail size-thumbnail\" alt=\"\" \/><\/a>\n\t\t\t<\/dt><\/dl><dl class='gallery-item'>\n\t\t\t<dt class='gallery-icon portrait'>\n\t\t\t\t<a href='https:\/\/www.jugendfeuerwehr-eddelak-st-michaelisdonn.de\/wcms\/wp-content\/uploads\/2024\/06\/IMG_6105-scaled.jpg' title=\"\" data-rl_title=\"\" class=\"rl-gallery-link\" data-rl_caption=\"\" data-rel=\"lightbox-gallery-1\"><img loading=\"lazy\" decoding=\"async\" width=\"150\" height=\"150\" src=\"https:\/\/www.jugendfeuerwehr-eddelak-st-michaelisdonn.de\/wcms\/wp-content\/uploads\/2024\/06\/IMG_6105-150x150.jpg\" class=\"attachment-thumbnail size-thumbnail\" alt=\"\" \/><\/a>\n\t\t\t<\/dt><\/dl><br style=\"clear: both\" \/><dl class='gallery-item'>\n\t\t\t<dt class='gallery-icon landscape'>\n\t\t\t\t<a href='https:\/\/www.jugendfeuerwehr-eddelak-st-michaelisdonn.de\/wcms\/wp-content\/uploads\/2024\/06\/20240601_133254-scaled.jpg' title=\"\" data-rl_title=\"\" class=\"rl-gallery-link\" data-rl_caption=\"\" data-rel=\"lightbox-gallery-1\"><img loading=\"lazy\" decoding=\"async\" width=\"150\" height=\"150\" src=\"https:\/\/www.jugendfeuerwehr-eddelak-st-michaelisdonn.de\/wcms\/wp-content\/uploads\/2024\/06\/20240601_133254-150x150.jpg\" class=\"attachment-thumbnail size-thumbnail\" alt=\"\" \/><\/a>\n\t\t\t<\/dt><\/dl><dl class='gallery-item'>\n\t\t\t<dt class='gallery-icon landscape'>\n\t\t\t\t<a href='https:\/\/www.jugendfeuerwehr-eddelak-st-michaelisdonn.de\/wcms\/wp-content\/uploads\/2024\/06\/IMG_6420-scaled.jpg' title=\"\" data-rl_title=\"\" class=\"rl-gallery-link\" data-rl_caption=\"\" data-rel=\"lightbox-gallery-1\"><img loading=\"lazy\" decoding=\"async\" width=\"150\" height=\"150\" src=\"https:\/\/www.jugendfeuerwehr-eddelak-st-michaelisdonn.de\/wcms\/wp-content\/uploads\/2024\/06\/IMG_6420-150x150.jpg\" class=\"attachment-thumbnail size-thumbnail\" alt=\"\" \/><\/a>\n\t\t\t<\/dt><\/dl><dl class='gallery-item'>\n\t\t\t<dt class='gallery-icon portrait'>\n\t\t\t\t<a href='https:\/\/www.jugendfeuerwehr-eddelak-st-michaelisdonn.de\/wcms\/wp-content\/uploads\/2024\/06\/49fb237c-f4c3-4c81-b41a-5ab04d991be6.jpg' title=\"\" data-rl_title=\"\" class=\"rl-gallery-link\" data-rl_caption=\"\" data-rel=\"lightbox-gallery-1\"><img loading=\"lazy\" decoding=\"async\" width=\"150\" height=\"150\" src=\"https:\/\/www.jugendfeuerwehr-eddelak-st-michaelisdonn.de\/wcms\/wp-content\/uploads\/2024\/06\/49fb237c-f4c3-4c81-b41a-5ab04d991be6-150x150.jpg\" class=\"attachment-thumbnail size-thumbnail\" alt=\"\" \/><\/a>\n\t\t\t<\/dt><\/dl><br style=\"clear: both\" \/><dl class='gallery-item'>\n\t\t\t<dt class='gallery-icon portrait'>\n\t\t\t\t<a href='https:\/\/www.jugendfeuerwehr-eddelak-st-michaelisdonn.de\/wcms\/wp-content\/uploads\/2024\/06\/IMG_20240531_182303-scaled.jpg' title=\"\" data-rl_title=\"\" class=\"rl-gallery-link\" data-rl_caption=\"\" data-rel=\"lightbox-gallery-1\"><img loading=\"lazy\" decoding=\"async\" width=\"150\" height=\"150\" src=\"https:\/\/www.jugendfeuerwehr-eddelak-st-michaelisdonn.de\/wcms\/wp-content\/uploads\/2024\/06\/IMG_20240531_182303-150x150.jpg\" class=\"attachment-thumbnail size-thumbnail\" alt=\"\" \/><\/a>\n\t\t\t<\/dt><\/dl><dl class='gallery-item'>\n\t\t\t<dt class='gallery-icon landscape'>\n\t\t\t\t<a href='https:\/\/www.jugendfeuerwehr-eddelak-st-michaelisdonn.de\/wcms\/wp-content\/uploads\/2024\/06\/IMG_6109-2-scaled.jpg' title=\"\" data-rl_title=\"\" class=\"rl-gallery-link\" data-rl_caption=\"\" data-rel=\"lightbox-gallery-1\"><img loading=\"lazy\" decoding=\"async\" width=\"150\" height=\"150\" src=\"https:\/\/www.jugendfeuerwehr-eddelak-st-michaelisdonn.de\/wcms\/wp-content\/uploads\/2024\/06\/IMG_6109-2-150x150.jpg\" class=\"attachment-thumbnail size-thumbnail\" alt=\"\" \/><\/a>\n\t\t\t<\/dt><\/dl><dl class='gallery-item'>\n\t\t\t<dt class='gallery-icon landscape'>\n\t\t\t\t<a href='https:\/\/www.jugendfeuerwehr-eddelak-st-michaelisdonn.de\/wcms\/wp-content\/uploads\/2024\/06\/IMG_6421-scaled.jpg' title=\"\" data-rl_title=\"\" class=\"rl-gallery-link\" data-rl_caption=\"\" data-rel=\"lightbox-gallery-1\"><img loading=\"lazy\" decoding=\"async\" width=\"150\" height=\"150\" src=\"https:\/\/www.jugendfeuerwehr-eddelak-st-michaelisdonn.de\/wcms\/wp-content\/uploads\/2024\/06\/IMG_6421-150x150.jpg\" class=\"attachment-thumbnail size-thumbnail\" alt=\"\" \/><\/a>\n\t\t\t<\/dt><\/dl><br style=\"clear: both\" \/><dl class='gallery-item'>\n\t\t\t<dt class='gallery-icon portrait'>\n\t\t\t\t<a href='https:\/\/www.jugendfeuerwehr-eddelak-st-michaelisdonn.de\/wcms\/wp-content\/uploads\/2024\/06\/7f54d10d-a021-43ac-b8e5-1ed98a6567e3.jpg' title=\"\" data-rl_title=\"\" class=\"rl-gallery-link\" data-rl_caption=\"\" data-rel=\"lightbox-gallery-1\"><img loading=\"lazy\" decoding=\"async\" width=\"150\" height=\"150\" src=\"https:\/\/www.jugendfeuerwehr-eddelak-st-michaelisdonn.de\/wcms\/wp-content\/uploads\/2024\/06\/7f54d10d-a021-43ac-b8e5-1ed98a6567e3-150x150.jpg\" class=\"attachment-thumbnail size-thumbnail\" alt=\"\" \/><\/a>\n\t\t\t<\/dt><\/dl><dl class='gallery-item'>\n\t\t\t<dt class='gallery-icon landscape'>\n\t\t\t\t<a href='https:\/\/www.jugendfeuerwehr-eddelak-st-michaelisdonn.de\/wcms\/wp-content\/uploads\/2024\/06\/IMG_7929-scaled.jpg' title=\"\" data-rl_title=\"\" class=\"rl-gallery-link\" data-rl_caption=\"\" data-rel=\"lightbox-gallery-1\"><img loading=\"lazy\" decoding=\"async\" width=\"150\" height=\"150\" src=\"https:\/\/www.jugendfeuerwehr-eddelak-st-michaelisdonn.de\/wcms\/wp-content\/uploads\/2024\/06\/IMG_7929-150x150.jpg\" class=\"attachment-thumbnail size-thumbnail\" alt=\"\" \/><\/a>\n\t\t\t<\/dt><\/dl><dl class='gallery-item'>\n\t\t\t<dt class='gallery-icon portrait'>\n\t\t\t\t<a href='https:\/\/www.jugendfeuerwehr-eddelak-st-michaelisdonn.de\/wcms\/wp-content\/uploads\/2024\/06\/3dcfcc51-69f7-4ccd-875e-e46850224b2e.jpg' title=\"\" data-rl_title=\"\" class=\"rl-gallery-link\" data-rl_caption=\"\" data-rel=\"lightbox-gallery-1\"><img loading=\"lazy\" decoding=\"async\" width=\"150\" height=\"150\" src=\"https:\/\/www.jugendfeuerwehr-eddelak-st-michaelisdonn.de\/wcms\/wp-content\/uploads\/2024\/06\/3dcfcc51-69f7-4ccd-875e-e46850224b2e-150x150.jpg\" class=\"attachment-thumbnail size-thumbnail\" alt=\"\" \/><\/a>\n\t\t\t<\/dt><\/dl><br style=\"clear: both\" \/><dl class='gallery-item'>\n\t\t\t<dt class='gallery-icon portrait'>\n\t\t\t\t<a href='https:\/\/www.jugendfeuerwehr-eddelak-st-michaelisdonn.de\/wcms\/wp-content\/uploads\/2024\/06\/2e64279f-b64a-4737-b7fa-58c26856941a.jpg' title=\"\" data-rl_title=\"\" class=\"rl-gallery-link\" data-rl_caption=\"\" data-rel=\"lightbox-gallery-1\"><img loading=\"lazy\" decoding=\"async\" width=\"150\" height=\"150\" src=\"https:\/\/www.jugendfeuerwehr-eddelak-st-michaelisdonn.de\/wcms\/wp-content\/uploads\/2024\/06\/2e64279f-b64a-4737-b7fa-58c26856941a-150x150.jpg\" class=\"attachment-thumbnail size-thumbnail\" alt=\"\" \/><\/a>\n\t\t\t<\/dt><\/dl><dl class='gallery-item'>\n\t\t\t<dt class='gallery-icon portrait'>\n\t\t\t\t<a href='https:\/\/www.jugendfeuerwehr-eddelak-st-michaelisdonn.de\/wcms\/wp-content\/uploads\/2024\/06\/IMG_6610-scaled.jpg' title=\"\" data-rl_title=\"\" class=\"rl-gallery-link\" data-rl_caption=\"\" data-rel=\"lightbox-gallery-1\"><img loading=\"lazy\" decoding=\"async\" width=\"150\" height=\"150\" src=\"https:\/\/www.jugendfeuerwehr-eddelak-st-michaelisdonn.de\/wcms\/wp-content\/uploads\/2024\/06\/IMG_6610-150x150.jpg\" class=\"attachment-thumbnail size-thumbnail\" alt=\"\" \/><\/a>\n\t\t\t<\/dt><\/dl><dl class='gallery-item'>\n\t\t\t<dt class='gallery-icon landscape'>\n\t\t\t\t<a href='https:\/\/www.jugendfeuerwehr-eddelak-st-michaelisdonn.de\/wcms\/wp-content\/uploads\/2024\/06\/IMG_6616-scaled.jpg' title=\"\" data-rl_title=\"\" class=\"rl-gallery-link\" data-rl_caption=\"\" data-rel=\"lightbox-gallery-1\"><img loading=\"lazy\" decoding=\"async\" width=\"150\" height=\"150\" src=\"https:\/\/www.jugendfeuerwehr-eddelak-st-michaelisdonn.de\/wcms\/wp-content\/uploads\/2024\/06\/IMG_6616-150x150.jpg\" class=\"attachment-thumbnail size-thumbnail\" alt=\"\" \/><\/a>\n\t\t\t<\/dt><\/dl><br style=\"clear: both\" \/><dl class='gallery-item'>\n\t\t\t<dt class='gallery-icon portrait'>\n\t\t\t\t<a href='https:\/\/www.jugendfeuerwehr-eddelak-st-michaelisdonn.de\/wcms\/wp-content\/uploads\/2024\/06\/IMG_6526-scaled.jpg' title=\"\" data-rl_title=\"\" class=\"rl-gallery-link\" data-rl_caption=\"\" data-rel=\"lightbox-gallery-1\"><img loading=\"lazy\" decoding=\"async\" width=\"150\" height=\"150\" src=\"https:\/\/www.jugendfeuerwehr-eddelak-st-michaelisdonn.de\/wcms\/wp-content\/uploads\/2024\/06\/IMG_6526-150x150.jpg\" class=\"attachment-thumbnail size-thumbnail\" alt=\"\" \/><\/a>\n\t\t\t<\/dt><\/dl><dl class='gallery-item'>\n\t\t\t<dt class='gallery-icon portrait'>\n\t\t\t\t<a href='https:\/\/www.jugendfeuerwehr-eddelak-st-michaelisdonn.de\/wcms\/wp-content\/uploads\/2024\/06\/b30a5540-82e8-423b-8e6e-694c920f25d9.jpg' title=\"\" data-rl_title=\"\" class=\"rl-gallery-link\" data-rl_caption=\"\" data-rel=\"lightbox-gallery-1\"><img loading=\"lazy\" decoding=\"async\" width=\"150\" height=\"150\" src=\"https:\/\/www.jugendfeuerwehr-eddelak-st-michaelisdonn.de\/wcms\/wp-content\/uploads\/2024\/06\/b30a5540-82e8-423b-8e6e-694c920f25d9-150x150.jpg\" class=\"attachment-thumbnail size-thumbnail\" alt=\"\" \/><\/a>\n\t\t\t<\/dt><\/dl><dl class='gallery-item'>\n\t\t\t<dt class='gallery-icon landscape'>\n\t\t\t\t<a href='https:\/\/www.jugendfeuerwehr-eddelak-st-michaelisdonn.de\/wcms\/wp-content\/uploads\/2024\/06\/38e4afd7-3b10-43ef-b63f-4836f7ba96f8.jpg' title=\"\" data-rl_title=\"\" class=\"rl-gallery-link\" data-rl_caption=\"\" data-rel=\"lightbox-gallery-1\"><img loading=\"lazy\" decoding=\"async\" width=\"150\" height=\"150\" src=\"https:\/\/www.jugendfeuerwehr-eddelak-st-michaelisdonn.de\/wcms\/wp-content\/uploads\/2024\/06\/38e4afd7-3b10-43ef-b63f-4836f7ba96f8-150x150.jpg\" class=\"attachment-thumbnail size-thumbnail\" alt=\"\" \/><\/a>\n\t\t\t<\/dt><\/dl><br style=\"clear: both\" \/><dl class='gallery-item'>\n\t\t\t<dt class='gallery-icon landscape'>\n\t\t\t\t<a href='https:\/\/www.jugendfeuerwehr-eddelak-st-michaelisdonn.de\/wcms\/wp-content\/uploads\/2024\/06\/IMG_7924-scaled.jpg' title=\"\" data-rl_title=\"\" class=\"rl-gallery-link\" data-rl_caption=\"\" data-rel=\"lightbox-gallery-1\"><img loading=\"lazy\" decoding=\"async\" width=\"150\" height=\"150\" src=\"https:\/\/www.jugendfeuerwehr-eddelak-st-michaelisdonn.de\/wcms\/wp-content\/uploads\/2024\/06\/IMG_7924-150x150.jpg\" class=\"attachment-thumbnail size-thumbnail\" alt=\"\" \/><\/a>\n\t\t\t<\/dt><\/dl>\n\t\t\t<br style='clear: both' \/>\n\t\t<\/div>\n\n","protected":false},"excerpt":{"rendered":"Die Vorfreude stand jeden ins Gesicht geschrieben. Alle haben sich auf diesen Freitag gefreut, denn der diesj\u00e4hrige 24-Stunden Dienst stand an.\nNachdem Jugendgruppenleiter Lennart Jebens die &hellip;","protected":false},"author":16,"featured_media":4312,"comment_status":"open","ping_status":"open","sticky":false,"template":"","format":"standard","meta":{"ngg_post_thumbnail":0,"footnotes":""},"categories":[1],"tags":[],"class_list":["post-4306","post","type-post","status-publish","format-standard","has-post-thumbnail","hentry","category-berichte"],"_links":{"self":[{"href":"https:\/\/www.jugendfeuerwehr-eddelak-st-michaelisdonn.de\/wcms\/wp-json\/wp\/v2\/posts\/4306","targetHints":{"allow":["GET"]}}],"collection":[{"href":"https:\/\/www.jugendfeuerwehr-eddelak-st-michaelisdonn.de\/wcms\/wp-json\/wp\/v2\/posts"}],"about":[{"href":"https:\/\/www.jugendfeuerwehr-eddelak-st-michaelisdonn.de\/wcms\/wp-json\/wp\/v2\/types\/post"}],"author":[{"embeddable":true,"href":"https:\/\/www.jugendfeuerwehr-eddelak-st-michaelisdonn.de\/wcms\/wp-json\/wp\/v2\/users\/16"}],"replies":[{"embeddable":true,"href":"https:\/\/www.jugendfeuerwehr-eddelak-st-michaelisdonn.de\/wcms\/wp-json\/wp\/v2\/comments?post=4306"}],"version-history":[{"count":2,"href":"https:\/\/www.jugendfeuerwehr-eddelak-st-michaelisdonn.de\/wcms\/wp-json\/wp\/v2\/posts\/4306\/revisions"}],"predecessor-version":[{"id":4327,"href":"https:\/\/www.jugendfeuerwehr-eddelak-st-michaelisdonn.de\/wcms\/wp-json\/wp\/v2\/posts\/4306\/revisions\/4327"}],"wp:featuredmedia":[{"embeddable":true,"href":"https:\/\/www.jugendfeuerwehr-eddelak-st-michaelisdonn.de\/wcms\/wp-json\/wp\/v2\/media\/4312"}],"wp:attachment":[{"href":"https:\/\/www.jugendfeuerwehr-eddelak-st-michaelisdonn.de\/wcms\/wp-json\/wp\/v2\/media?parent=4306"}],"wp:term":[{"taxonomy":"category","embeddable":true,"href":"https:\/\/www.jugendfeuerwehr-eddelak-st-michaelisdonn.de\/wcms\/wp-json\/wp\/v2\/categories?post=4306"},{"taxonomy":"post_tag","embeddable":true,"href":"https:\/\/www.jugendfeuerwehr-eddelak-st-michaelisdonn.de\/wcms\/wp-json\/wp\/v2\/tags?post=4306"}],"curies":[{"name":"wp","href":"https:\/\/api.w.org\/{rel}","templated":true}]}}